{"id":2307,"date":"2026-03-12T16:58:55","date_gmt":"2026-03-12T13:58:55","guid":{"rendered":"https:\/\/platformsan.com.tr\/?p=2307"},"modified":"2026-03-12T17:07:24","modified_gmt":"2026-03-12T14:07:24","slug":"asma-iskele-kiralama-hizmeti-5-model","status":"publish","type":"post","link":"https:\/\/platformsan.com.tr\/tr\/2026\/03\/12\/asma-iskele-kiralama-hizmeti-5-model\/","title":{"rendered":"Asma \u0130skele Kiralama \u2013 G\u00fcvenli Asma \u0130skele Kiralama Hizmeti 5 Model"},"content":{"rendered":"<article>\n<h1>Asma \u0130skele Kiralama \u2013 G\u00fcvenli Cephe Platformu Kiralama Hizmeti<\/h1>\n<p>Y\u00fcksek katl\u0131 binalarda yap\u0131lan d\u0131\u015f cephe \u00e7al\u0131\u015fmalar\u0131 i\u00e7in en pratik ve g\u00fcvenli \u00e7\u00f6z\u00fcmlerden biri <strong>asma iskele kiralama<\/strong> hizmetidir. \u00d6zellikle k\u0131sa s\u00fcreli projelerde sat\u0131n alma maliyetine girmeden profesyonel ekipman kullanmak isteyen firmalar i\u00e7in kiralama hizmeti olduk\u00e7a avantajl\u0131d\u0131r.<\/p>\n<p>Modern <strong>asma iskele sistemleri<\/strong>, bina cephelerinde g\u00fcvenli \u00e7al\u0131\u015fma imkan\u0131 sa\u011flarken ayn\u0131 zamanda projelerin daha h\u0131zl\u0131 ilerlemesine yard\u0131mc\u0131 olur. Motorlu \u00e7al\u0131\u015fma sistemi sayesinde platform istenilen y\u00fcksekli\u011fe kolayca getirilebilir.<\/p>\n<h2>Asma \u0130skele Kiralama Nedir?<\/h2>\n<p><strong>Asma iskele kiralama<\/strong>, y\u00fcksek binalarda yap\u0131lacak cephe uygulamalar\u0131 i\u00e7in gerekli olan platform sistemlerinin belirli bir s\u00fcre i\u00e7in kiralanmas\u0131d\u0131r. Bu hizmet genellikle kurulum, teknik destek ve s\u00f6k\u00fcm i\u015flemlerini de kapsar.<\/p>\n<p>Kiralama hizmeti sayesinde firmalar y\u00fcksek maliyetli ekipman sat\u0131n almak yerine sadece ihtiya\u00e7 duyduklar\u0131 s\u00fcre boyunca \u00f6deme yapar.<\/p>\n<h2>Asma \u0130skele Kiralama Hizmeti Neleri Kapsar?<\/h2>\n<p>Profesyonel bir kiralama hizmeti genellikle a\u015fa\u011f\u0131daki ekipman ve hizmetleri i\u00e7erir:<\/p>\n<ul>\n<li>Asma platform sistemi<\/li>\n<li>Elektrik motorlar\u0131<\/li>\n<li>G\u00fcvenlik kilitleri<\/li>\n<li>\u00c7elik halatlar<\/li>\n<li>Kurulum hizmeti<\/li>\n<li>Teknik servis deste\u011fi<\/li>\n<li>S\u00f6k\u00fcm hizmeti<\/li>\n<\/ul>\n<p>Bu hizmetler sayesinde projeler g\u00fcvenli \u015fekilde y\u00fcr\u00fct\u00fclebilir.<\/p>\n<\/article>\n<div id=\"attachment_2311\" style=\"width: 1034px\" class=\"wp-caption alignnone\"><img loading=\"lazy\" loading=\"lazy\" decoding=\"async\" aria-describedby=\"caption-attachment-2311\" class=\"size-large wp-image-2311\" src=\"https:\/\/platformsan.com.tr\/wp-content\/uploads\/2026\/03\/asma-iskele-kiralama-1024x683.jpg\" alt=\"y\u00fcksek bina cephe \u00e7al\u0131\u015fmalar\u0131 i\u00e7in asma iskele kiralama platfaorm sistemi\" width=\"1024\" height=\"683\" srcset=\"https:\/\/platformsan.com.tr\/wp-content\/uploads\/2026\/03\/asma-iskele-kiralama-1024x683.jpg 1024w, https:\/\/platformsan.com.tr\/wp-content\/uploads\/2026\/03\/asma-iskele-kiralama-300x200.jpg 300w, https:\/\/platformsan.com.tr\/wp-content\/uploads\/2026\/03\/asma-iskele-kiralama-768x512.jpg 768w, https:\/\/platformsan.com.tr\/wp-content\/uploads\/2026\/03\/asma-iskele-kiralama-1536x1024.jpg 1536w, https:\/\/platformsan.com.tr\/wp-content\/uploads\/2026\/03\/asma-iskele-kiralama-18x12.jpg 18w, https:\/\/platformsan.com.tr\/wp-content\/uploads\/2026\/03\/asma-iskele-kiralama-600x400.jpg 600w, https:\/\/platformsan.com.tr\/wp-content\/uploads\/2026\/03\/asma-iskele-kiralama-1x1.jpg 1w, https:\/\/platformsan.com.tr\/wp-content\/uploads\/2026\/03\/asma-iskele-kiralama-10x7.jpg 10w, https:\/\/platformsan.com.tr\/wp-content\/uploads\/2026\/03\/asma-iskele-kiralama.jpg 1620w\" sizes=\"auto, (max-width: 1024px) 100vw, 1024px\" \/><p id=\"caption-attachment-2311\" class=\"wp-caption-text\">Profesyonel asma iskele kiralama hizmeti ile y\u00fcksek katl\u0131 binalarda g\u00fcvenli cephe \u00e7al\u0131\u015fmalar\u0131 yap\u0131labilir.<\/p><\/div>\n<article>\n<h2>Asma \u0130skele Kiralama Fiyatlar\u0131<\/h2>\n<p><strong>Asma iskele kiralama fiyatlar\u0131<\/strong> bir\u00e7ok fakt\u00f6re g\u00f6re de\u011fi\u015febilir. Bu nedenle genellikle sabit fiyat yerine projeye g\u00f6re teklif haz\u0131rlan\u0131r.<\/p>\n<h3>Fiyat\u0131 Etkileyen Fakt\u00f6rler<\/h3>\n<ul>\n<li>Bina y\u00fcksekli\u011fi<\/li>\n<li>Platform uzunlu\u011fu<\/li>\n<li>Kiralama s\u00fcresi<\/li>\n<li>Nakliye mesafesi<\/li>\n<li>Kurulum hizmeti<\/li>\n<li>Ta\u015f\u0131ma kapasitesi<\/li>\n<\/ul>\n<p>K\u0131sa s\u00fcreli kiralamalar genellikle daha uygun maliyetli olurken uzun s\u00fcreli projelerde \u00f6zel fiyatland\u0131rmalar yap\u0131labilir.<\/p>\n<h2>Neden Asma \u0130skele Kiralama Tercih Edilmeli?<\/h2>\n<p>Bir\u00e7ok firma i\u00e7in <strong>asma platform kiralama<\/strong> sat\u0131n almaya g\u00f6re daha ekonomik olabilir. \u00d6zellikle s\u00fcrekli kullan\u0131lmayacak projelerde kiralama b\u00fcy\u00fck maliyet avantaj\u0131 sa\u011flar.<\/p>\n<ul>\n<li>Y\u00fcksek sat\u0131n alma maliyetinden kurtulursunuz<\/li>\n<li>Sadece ihtiya\u00e7 s\u00fcresi kadar \u00f6deme yap\u0131l\u0131r<\/li>\n<li>Teknik servis deste\u011fi al\u0131n\u0131r<\/li>\n<li>Kurulum profesyonel ekipler taraf\u0131ndan yap\u0131l\u0131r<\/li>\n<li>G\u00fcvenli \u00e7al\u0131\u015fma ortam\u0131 sa\u011flan\u0131r<\/li>\n<\/ul>\n<h2>Asma Platform Hangi \u0130\u015flerde Kullan\u0131l\u0131r?<\/h2>\n<p><strong>Asma platform sistemleri<\/strong> bir\u00e7ok farkl\u0131 sekt\u00f6rde kullan\u0131lmaktad\u0131r.<\/p>\n<ul>\n<li>D\u0131\u015f cephe kaplama i\u015fleri<\/li>\n<li>Bina boya uygulamalar\u0131<\/li>\n<li>Cam cephe montaj\u0131<\/li>\n<li>Seramik cephe kaplama<\/li>\n<li>Bina bak\u0131m \u00e7al\u0131\u015fmalar\u0131<\/li>\n<li>Y\u00fcksek bina temizlik i\u015fleri<\/li>\n<\/ul>\n<div id=\"attachment_2312\" style=\"width: 1034px\" class=\"wp-caption alignnone\"><img loading=\"lazy\" loading=\"lazy\" decoding=\"async\" aria-describedby=\"caption-attachment-2312\" class=\"size-large wp-image-2312\" src=\"https:\/\/platformsan.com.tr\/wp-content\/uploads\/2026\/03\/asma-iskele-kiralama-2-1024x683.jpg\" alt=\"y\u00fcksek bina cephe \u00e7al\u0131\u015fmalar\u0131 i\u00e7in asma iskele kiralama platfaorm sistemi\" width=\"1024\" height=\"683\" srcset=\"https:\/\/platformsan.com.tr\/wp-content\/uploads\/2026\/03\/asma-iskele-kiralama-2-1024x683.jpg 1024w, https:\/\/platformsan.com.tr\/wp-content\/uploads\/2026\/03\/asma-iskele-kiralama-2-300x200.jpg 300w, https:\/\/platformsan.com.tr\/wp-content\/uploads\/2026\/03\/asma-iskele-kiralama-2-768x512.jpg 768w, https:\/\/platformsan.com.tr\/wp-content\/uploads\/2026\/03\/asma-iskele-kiralama-2-1536x1024.jpg 1536w, https:\/\/platformsan.com.tr\/wp-content\/uploads\/2026\/03\/asma-iskele-kiralama-2-18x12.jpg 18w, https:\/\/platformsan.com.tr\/wp-content\/uploads\/2026\/03\/asma-iskele-kiralama-2-600x400.jpg 600w, https:\/\/platformsan.com.tr\/wp-content\/uploads\/2026\/03\/asma-iskele-kiralama-2-1x1.jpg 1w, https:\/\/platformsan.com.tr\/wp-content\/uploads\/2026\/03\/asma-iskele-kiralama-2-10x7.jpg 10w, https:\/\/platformsan.com.tr\/wp-content\/uploads\/2026\/03\/asma-iskele-kiralama-2.jpg 1620w\" sizes=\"auto, (max-width: 1024px) 100vw, 1024px\" \/><p id=\"caption-attachment-2312\" class=\"wp-caption-text\">Profesyonel asma iskele kiralama hizmeti ile y\u00fcksek katl\u0131 binalarda g\u00fcvenli cephe \u00e7al\u0131\u015fmalar\u0131 yap\u0131labilir.<\/p><\/div>\n<h2>Asma \u0130skele Kiralarken Nelere Dikkat Edilmeli?<\/h2>\n<p>Do\u011fru ekipman se\u00e7imi hem i\u015f g\u00fcvenli\u011fi hem proje s\u00fcresi a\u00e7\u0131s\u0131ndan \u00f6nemlidir.<\/p>\n<ul>\n<li>G\u00fcvenlik sertifikalar\u0131n\u0131n olmas\u0131<\/li>\n<li>Platform ta\u015f\u0131ma kapasitesi<\/li>\n<li>Motor kalitesi<\/li>\n<li>Kurulum hizmeti verilmesi<\/li>\n<li>Teknik destek bulunmas\u0131<\/li>\n<\/ul>\n<p>Bu kriterler do\u011fru kiralama hizmetini se\u00e7mek i\u00e7in \u00f6nemlidir.<\/p>\n<h2>Sonu\u00e7<\/h2>\n<p>Y\u00fcksek binalarda yap\u0131lan cephe \u00e7al\u0131\u015fmalar\u0131nda <strong>asma iskele kiralama<\/strong>, hem ekonomik hem de pratik bir \u00e7\u00f6z\u00fcm sunar. G\u00fcvenli \u00e7al\u0131\u015fma imkan\u0131 sa\u011flamas\u0131 ve h\u0131zl\u0131 kurulum avantaj\u0131 sayesinde bir\u00e7ok projede tercih edilmektedir.<\/p>\n<p>E\u011fer cephe \u00e7al\u0131\u015fmalar\u0131n\u0131z i\u00e7in g\u00fcvenli ve profesyonel bir \u00e7\u00f6z\u00fcm ar\u0131yorsan\u0131z, projeye uygun <strong>asma platform kiralama<\/strong> hizmeti almak hem maliyet hem de zaman a\u00e7\u0131s\u0131ndan avantaj sa\u011flayacakt\u0131r.<\/p>\n<section>\n<h2>Profesyonel Asma \u0130skele Kiralama Hizmetinin Projelere Katk\u0131s\u0131<\/h2>\n<p>\u0130n\u015faat ve cephe uygulamalar\u0131nda zaman y\u00f6netimi en az maliyet kadar \u00f6nemli bir konudur. Bu nedenle projelerde kullan\u0131lan ekipmanlar\u0131n h\u0131zl\u0131 kurulabilmesi ve pratik \u015fekilde kullan\u0131labilmesi b\u00fcy\u00fck avantaj sa\u011flar. <strong>Asma iskele kiralama<\/strong> hizmeti de tam olarak bu ihtiyaca \u00e7\u00f6z\u00fcm sunar. Profesyonel ekipler taraf\u0131ndan kurulan sistemler sayesinde projeler gecikmeden ba\u015flayabilir.<\/p>\n<p>\u00d6zellikle b\u00fcy\u00fck \u015fehirlerde y\u00fcksek bina say\u0131s\u0131n\u0131n artmas\u0131yla birlikte <strong>cephe platformu kiralama<\/strong> hizmetlerine olan talep de her ge\u00e7en y\u0131l artmaktad\u0131r. \u00c7\u00fcnk\u00fc sabit iskele kurulumlar\u0131 hem uzun s\u00fcrmekte hem de baz\u0131 yap\u0131larda uygulanmas\u0131 zor olmaktad\u0131r. Asma platform sistemleri ise \u00e7ok daha k\u0131sa s\u00fcrede kurulabilir ve cephe boyunca hareket edebildi\u011fi i\u00e7in daha verimli bir \u00e7al\u0131\u015fma imkan\u0131 sunar.<\/p>\n<p>Bir di\u011fer \u00f6nemli avantaj ise i\u015f g\u00fcvenli\u011fidir. Standartlara uygun \u00fcretilmi\u015f bir <strong>elektrikli asma platform<\/strong> sistemi, \u00e7al\u0131\u015fan personelin g\u00fcvenli\u011fini sa\u011flamak i\u00e7in \u00e7e\u015fitli mekanik ve elektronik g\u00fcvenlik sistemlerine sahiptir. G\u00fcvenlik kilitleri, acil durdurma sistemleri ve dengeli ta\u015f\u0131ma mekanizmas\u0131 sayesinde y\u00fcksek katlarda g\u00fcvenli \u00e7al\u0131\u015fma m\u00fcmk\u00fcn olur.<\/p>\n<\/section>\n<div id=\"attachment_2313\" style=\"width: 1034px\" class=\"wp-caption alignnone\"><img loading=\"lazy\" loading=\"lazy\" decoding=\"async\" aria-describedby=\"caption-attachment-2313\" class=\"size-large wp-image-2313\" src=\"https:\/\/platformsan.com.tr\/wp-content\/uploads\/2026\/03\/asma-isekle-kiralama-platformsan-1024x610.jpg\" alt=\"y\u00fcksek bina cephe \u00e7al\u0131\u015fmalar\u0131 i\u00e7in asma iskele kiralama platfaorm sistemi\" width=\"1024\" height=\"610\" srcset=\"https:\/\/platformsan.com.tr\/wp-content\/uploads\/2026\/03\/asma-isekle-kiralama-platformsan-1024x610.jpg 1024w, https:\/\/platformsan.com.tr\/wp-content\/uploads\/2026\/03\/asma-isekle-kiralama-platformsan-300x179.jpg 300w, https:\/\/platformsan.com.tr\/wp-content\/uploads\/2026\/03\/asma-isekle-kiralama-platformsan-768x458.jpg 768w, https:\/\/platformsan.com.tr\/wp-content\/uploads\/2026\/03\/asma-isekle-kiralama-platformsan-18x12.jpg 18w, https:\/\/platformsan.com.tr\/wp-content\/uploads\/2026\/03\/asma-isekle-kiralama-platformsan-600x358.jpg 600w, https:\/\/platformsan.com.tr\/wp-content\/uploads\/2026\/03\/asma-isekle-kiralama-platformsan-1x1.jpg 1w, https:\/\/platformsan.com.tr\/wp-content\/uploads\/2026\/03\/asma-isekle-kiralama-platformsan-10x6.jpg 10w, https:\/\/platformsan.com.tr\/wp-content\/uploads\/2026\/03\/asma-isekle-kiralama-platformsan.jpg 1240w\" sizes=\"auto, (max-width: 1024px) 100vw, 1024px\" \/><p id=\"caption-attachment-2313\" class=\"wp-caption-text\">Profesyonel asma iskele kiralama hizmeti ile y\u00fcksek katl\u0131 binalarda g\u00fcvenli cephe \u00e7al\u0131\u015fmalar\u0131 yap\u0131labilir.<\/p><\/div>\n<section>\n<h2>Asma \u0130skele Kiralama S\u00fcreci Nas\u0131l \u0130lerler?<\/h2>\n<p>Genellikle <strong>asma iskele kiralama hizmeti<\/strong> almak isteyen firmalar \u00f6ncelikle projeleri i\u00e7in bir ke\u015fif talep eder. Bu ke\u015fif s\u0131ras\u0131nda bina y\u00fcksekli\u011fi, cephe geni\u015fli\u011fi ve \u00e7al\u0131\u015fma s\u00fcresi gibi detaylar belirlenir. Daha sonra projeye en uygun platform sistemi se\u00e7ilerek fiyatland\u0131rma yap\u0131l\u0131r.<\/p>\n<p>Kiralama s\u00fcreci genellikle \u015fu ad\u0131mlardan olu\u015fur:<\/p>\n<ul>\n<li>Proje ke\u015ffi yap\u0131lmas\u0131<\/li>\n<li>Uygun platform belirlenmesi<\/li>\n<li>Fiyat teklifinin haz\u0131rlanmas\u0131<\/li>\n<li>Kurulum planlamas\u0131<\/li>\n<li>Profesyonel kurulum<\/li>\n<li>Proje s\u00fcresince teknik destek<\/li>\n<li>\u0130\u015f bitiminde s\u00f6k\u00fcm i\u015flemi<\/li>\n<\/ul>\n<p>Bu s\u00fcre\u00e7 sayesinde projeler planl\u0131 \u015fekilde ilerler ve uygulama s\u0131ras\u0131nda sorun ya\u015fanma ihtimali azal\u0131r.<\/p>\n<\/section>\n<p><a href=\"https:\/\/tr.wikipedia.org\/wiki\/\u0130skele_(in\u015faat)\" target=\"_blank\" rel=\"noopener\">vikipedia<\/a><\/p>\n<\/article>\n<p><a href=\"https:\/\/platformsan.com.tr\/tr\/2026\/03\/10\/asma-iskele-fiyatlari-2026-fiyat-rehberi-10-model\/\">Asma iskele fiyat<\/a><\/p>\n<article>\n<section>\n<h2>Uzun S\u00fcreli Projelerde Asma Platform Kiralama Avantaj\u0131<\/h2>\n<p>Baz\u0131 projeler birka\u00e7 hafta s\u00fcrerken baz\u0131 b\u00fcy\u00fck projeler aylarca devam edebilir. Bu gibi durumlarda uzun s\u00fcreli <strong>asma platform kiralama<\/strong> hizmetleri daha avantajl\u0131 fiyatlarla sunulabilir. Bu da firmalar\u0131n maliyetlerini daha iyi y\u00f6netmesini sa\u011flar.<\/p>\n<p>Ayr\u0131ca kiralama hizmeti alan firmalar bak\u0131m, servis veya depolama gibi ek maliyetlerle u\u011fra\u015fmak zorunda kalmaz. T\u00fcm teknik sorumluluk kiralama hizmeti veren firmaya ait olur.<\/p>\n<p>Sonu\u00e7 olarak <strong>asma iskele kiralama<\/strong>, y\u00fcksek binalarda yap\u0131lan cephe \u00e7al\u0131\u015fmalar\u0131nda hem g\u00fcvenli hem ekonomik hem de profesyonel bir \u00e7\u00f6z\u00fcm sunar. Do\u011fru planlanm\u0131\u015f bir platform sistemi sayesinde projeler daha h\u0131zl\u0131 tamamlanabilir ve i\u015f g\u00fcc\u00fc daha verimli kullan\u0131labilir.<\/p>\n<\/section>\n<\/article>\n","protected":false},"excerpt":{"rendered":"<p>Asma \u0130skele Kiralama \u2013 G\u00fcvenli Cephe Platformu Kiralama Hizmeti Y\u00fcksek katl\u0131 binalarda yap\u0131lan d\u0131\u015f cephe \u00e7al\u0131\u015fmalar\u0131 i\u00e7in en pratik ve g\u00fcvenli \u00e7\u00f6z\u00fcmlerden biri asma iskele&#8230;<\/p>\n","protected":false},"author":2,"featured_media":2311,"comment_status":"open","ping_status":"open","sticky":false,"template":"","format":"standard","meta":{"footnotes":""},"categories":[32],"tags":[33,34,35,43,42,37,38,48,46,49,39,53,55,36,44,50,52,51,54,45],"class_list":["post-2307","post","type-post","status-publish","format-standard","has-post-thumbnail","hentry","category-asma-iskele","tag-asma-iskele","tag-asma-iskele-fiyatlari","tag-asma-iskele-kiralama","tag-asma-iskele-kiralama-fiyatlari","tag-asma-iskele-kurulumu","tag-asma-platform","tag-asma-platform-fiyatlari","tag-asma-platform-kiralama","tag-bina-cephe-platformu","tag-cephe-bakim-platformu","tag-cephe-platformu","tag-cephe-platformu-kiralama","tag-dis-cephe-platformu","tag-elektrikli-asma-iskele","tag-elektrikli-cephe-platformu","tag-insaat-asma-iskele","tag-insaat-platform-sistemleri","tag-iskele-kiralama","tag-profesyonel-asma-iskele","tag-yuksek-bina-iskele-sistemi"],"_links":{"self":[{"href":"https:\/\/platformsan.com.tr\/tr\/wp-json\/wp\/v2\/posts\/2307","targetHints":{"allow":["GET"]}}],"collection":[{"href":"https:\/\/platformsan.com.tr\/tr\/wp-json\/wp\/v2\/posts"}],"about":[{"href":"https:\/\/platformsan.com.tr\/tr\/wp-json\/wp\/v2\/types\/post"}],"author":[{"embeddable":true,"href":"https:\/\/platformsan.com.tr\/tr\/wp-json\/wp\/v2\/users\/2"}],"replies":[{"embeddable":true,"href":"https:\/\/platformsan.com.tr\/tr\/wp-json\/wp\/v2\/comments?post=2307"}],"version-history":[{"count":5,"href":"https:\/\/platformsan.com.tr\/tr\/wp-json\/wp\/v2\/posts\/2307\/revisions"}],"predecessor-version":[{"id":2315,"href":"https:\/\/platformsan.com.tr\/tr\/wp-json\/wp\/v2\/posts\/2307\/revisions\/2315"}],"wp:featuredmedia":[{"embeddable":true,"href":"https:\/\/platformsan.com.tr\/tr\/wp-json\/wp\/v2\/media\/2311"}],"wp:attachment":[{"href":"https:\/\/platformsan.com.tr\/tr\/wp-json\/wp\/v2\/media?parent=2307"}],"wp:term":[{"taxonomy":"category","embeddable":true,"href":"https:\/\/platformsan.com.tr\/tr\/wp-json\/wp\/v2\/categories?post=2307"},{"taxonomy":"post_tag","embeddable":true,"href":"https:\/\/platformsan.com.tr\/tr\/wp-json\/wp\/v2\/tags?post=2307"}],"curies":[{"name":"wp","href":"https:\/\/api.w.org\/{rel}","templated":true}]}}