{"id":2048,"date":"2022-09-12T10:50:29","date_gmt":"2022-09-12T07:50:29","guid":{"rendered":"https:\/\/platformsan.com.tr\/?p=2048"},"modified":"2023-01-06T11:58:35","modified_gmt":"2023-01-06T08:58:35","slug":"cephe-platformu-nerelerde-kullanilabilir","status":"publish","type":"post","link":"https:\/\/platformsan.com.tr\/tr\/2022\/09\/12\/cephe-platformu-nerelerde-kullanilabilir\/","title":{"rendered":"Cephe Platformu Nerelerde Kullan\u0131labilir?"},"content":{"rendered":"<h1><strong>Cephe Platformu<\/strong><\/h1>\n<p><strong>Cephe platformu<\/strong> d\u0131\u015f cephe i\u015flemleri i\u00e7in kullan\u0131lmakta olan sistemlerden biri olarak kar\u015f\u0131m\u0131za \u00e7\u0131kmaktad\u0131r. Farkl\u0131 ama\u00e7lara y\u00f6nelik olarak cephe platformlar\u0131 kullan\u0131labilir. Uzun yap\u0131larda kullan\u0131lacak olan cephe platformlar\u0131 hareketli platformlard\u0131r. B\u00f6ylece uzun yap\u0131 ve binalarda \u00e7e\u015fitli i\u015fler kolay bir \u015fekilde halledilebilmekte ve eri\u015fim h\u0131zl\u0131 bir \u015fekilde sa\u011flanabilmektedir. Cephe platformlar\u0131n\u0131n kullan\u0131m\u0131 yaln\u0131zca kullan\u0131lacak olan malzemenin ta\u015f\u0131nmas\u0131nda de\u011fil i\u015f\u00e7inin ta\u015f\u0131nmas\u0131nda da g\u00f6rev al\u0131r. Platformsan Makine ve Yap\u0131 Sistemleri olarak t\u00fcm g\u00fcvenlik standartlar\u0131na uygun olarak cephe platformu \u00fcretimi yapmakta, kiralama ve sat\u0131\u015f hizmetlerini sunmaktay\u0131z.<\/p>\n<h2><strong>Cephe Platformu Nerelerde Kullan\u0131labilir?<\/strong><\/h2>\n<p>Eri\u015fim sa\u011flaman\u0131n zor oldu\u011fu uzun yap\u0131larda d\u0131\u015f cephe i\u015flemlerinin yap\u0131lmas\u0131 gerekti\u011finde baz\u0131 sistemlerden yard\u0131m al\u0131nmaktad\u0131r. Uzun yap\u0131 ve binalarda eri\u015fim sa\u011flayabilmek amac\u0131 ile kullan\u0131lan pek \u00e7ok sistem kar\u015f\u0131m\u0131za \u00e7\u0131kmaktad\u0131r. Cephe platformu da bu sistemlerin i\u00e7erisinde yer al\u0131r. Hareketli cephe platformlar\u0131 kullan\u0131larak \u00e7e\u015fitli d\u0131\u015f cephe i\u015flemlerinin ger\u00e7ekle\u015ftirilebilmesi m\u00fcmk\u00fcnd\u00fcr.<\/p>\n<ul>\n<li>Boyama,<\/li>\n<li>S\u0131va,<\/li>\n<li>Tadilat,<\/li>\n<li>Mantoloma,<\/li>\n<li>Onar\u0131m,<\/li>\n<\/ul>\n<p>Gibi i\u015flemler s\u00f6z konusu oldu\u011funda <strong>cephe platformu<\/strong> kullan\u0131m\u0131 tercih edilebilmektedir.<\/p>\n<h3><strong>Cephe Platformu G\u00fcvenlik Standartlar\u0131 Nelerdir?<\/strong><\/h3>\n<p>Platformsan taraf\u0131ndan \u00fcretilen t\u00fcm eri\u015fim platformlar\u0131 i\u015f g\u00fcvenli\u011fi standartlar\u0131na uygun olarak ve y\u00fcksek teknoloji kullan\u0131larak \u00fcretilmektedir. B\u00f6ylece \u00e7al\u0131\u015fma esnas\u0131nda herhangi bir riskin ortaya \u00e7\u0131kmas\u0131 ihtimali en aza indirilir.<\/p>\n<ul>\n<li>Acil durdurma butonu<\/li>\n<li>H\u0131za kar\u015f\u0131 duyarl\u0131l\u0131\u011f\u0131 olan para\u015f\u00fct fren sistemi<\/li>\n<li>Hem a\u015fa\u011f\u0131 hem de yukar\u0131 hareket s\u0131ras\u0131nda sesli ikaz sistemi<\/li>\n<li>Elektromanyetik fren sistemi<\/li>\n<li>Kap\u0131n\u0131n a\u00e7\u0131k oldu\u011fu esnada \u00e7al\u0131\u015fmay\u0131 durdurma sistemi<\/li>\n<li>Motor ar\u0131zas\u0131 i\u00e7in ikaz sistemi<\/li>\n<li>Kenarl\u0131k ve korkuluklar ile olu\u015fturulan g\u00fcvenlik sistemi<\/li>\n<li>Acil bir durum meydana geldi\u011finde platformu manuel olarak hareket ettirebilme sistemi<\/li>\n<li>\u00c7iftli kullan\u0131m esnas\u0131nda otomatik \u00e7al\u0131\u015fan terazi sistemi<\/li>\n<li>Denge kurma sistemi<\/li>\n<li>Faz hatalar\u0131nda ikaz sistemi<\/li>\n<li>Kolay y\u00fck ta\u015f\u0131ma sistemi<\/li>\n<\/ul>\n<p>Platformsan taraf\u0131ndan \u00fcretimi yap\u0131lmakta olan <strong>cephe platformu g\u00fcvenlik standartlar\u0131<\/strong> aras\u0131nda yer almaktad\u0131r.<\/p>\n<h3><strong>Cephe Platformu Teknik \u00d6zellikler<\/strong><\/h3>\n<p>\u00dcretimini yapmakta oldu\u011fumuz cephe platformlar\u0131 geli\u015fmi\u015f teknoloji kullan\u0131larak \u00fcretilmektedir. B\u00f6ylece \u00fcretilen cephe platformlar\u0131n\u0131n hem daha dayan\u0131kl\u0131 hem de daha kullan\u0131\u015fl\u0131 olmas\u0131 sa\u011flanmaktad\u0131r.<\/p>\n<ul>\n<li>Cephe platformu kullan\u0131m\u0131 h\u0131zl\u0131 \u00e7al\u0131\u015fma imkan\u0131 verdi\u011finden dolay\u0131 zaman tasarrufuna olanak sa\u011flamaktad\u0131r. B\u00f6ylece i\u015f daha verimli hale gelmektedir.<\/li>\n<li>Platformdan taraf\u0131ndan \u00fcretilen cephe platformlar\u0131 150 metre y\u00fcksekli\u011fe kadar eri\u015fim sa\u011flamaya imkan sunmaktad\u0131r.<\/li>\n<li>Cephe platformlar\u0131nda g\u00fcvenli\u011fi sa\u011flamak amac\u0131 ile para\u015f\u00fct fren sistemi yer almaktad\u0131r. B\u00f6ylece elektrik motorunun \u00e7al\u0131\u015fmamas\u0131 halinde platformun durmas\u0131 mekanik olarak sa\u011flanabilir.<\/li>\n<li><strong>Cephe platformu teknik \u00f6zellikleri<\/strong> aras\u0131nda paslanmaya kar\u015f\u0131 dayan\u0131kl\u0131l\u0131k bulunmaktad\u0131r.<\/li>\n<li>Mast 17 noktadan kavran\u0131r b\u00f6ylece hem mastin hem de makinenin kullan\u0131m \u00f6mr\u00fcn\u00fcn uzamas\u0131 sa\u011flan\u0131r. B\u00f6ylece sal\u0131n\u0131m da minimuma indirilmektedir.<\/li>\n<\/ul>\n<p>Platformsan \u00fcretimi cephe platformlar\u0131 C3000 ve C2500 olarak iki modelde sunulmaktad\u0131r.<\/p>\n<h4><strong>Cephe Platformu Kiralama<\/strong><\/h4>\n<p>Yap\u0131lacak olan d\u0131\u015f cephe i\u015flemleri s\u00f6z konusu oldu\u011funda uzun yap\u0131 ve binalara eri\u015fim sa\u011flaman\u0131n kolay olmad\u0131\u011f\u0131 bilinmektedir. Buna ba\u011fl\u0131 olarak gerekli olan i\u015flerin ger\u00e7ekle\u015ftirilebilmesi i\u00e7in \u00e7e\u015fitli eri\u015fim platformlar\u0131n\u0131n kullan\u0131lmas\u0131 gerekli hale gelmektedir. Cephe platformlar\u0131 da uzun yap\u0131larda uygulanan i\u015flemler s\u00f6z konusu oldu\u011funda kullan\u0131lmakta olan eri\u015fim sistemleri aras\u0131nda yer almaktad\u0131r. Bir cephe platformu sat\u0131n almak ise kimi zaman olduk\u00e7a maliyetli olabilir. Bu nedenle Platformsan kiralama hizmeti sunmaktad\u0131r. B\u00f6ylece k\u0131sa vadeli kullan\u0131mlar\u0131n\u0131z i\u00e7in <strong>cephe platformu kiralama<\/strong> hizmetinden faydalanarak sat\u0131n alma maliyetine gerek duymadan d\u0131\u015f cephe i\u015flemlerini kolay ve g\u00fcvenlikli bir \u015fekilde ger\u00e7ekle\u015ftirmeniz m\u00fcmk\u00fcn olmaktad\u0131r.<\/p>\n<h4><strong>Cephe Platformu Sat\u0131n Alma<\/strong><\/h4>\n<p>Her ne kadar kiralama maliyeti \u00e7ok daha az olan bir se\u00e7enek olarak kar\u015f\u0131m\u0131za \u00e7\u0131k\u0131yor olsa da kimi zaman kal\u0131c\u0131 \u00e7\u00f6z\u00fcmler gerekli olabilmektedir. D\u0131\u015f cephe i\u015flemleriniz i\u00e7in kullanabilece\u011finiz kal\u0131c\u0131 \u00e7\u00f6z\u00fcmler aray\u0131\u015f\u0131ndaysan\u0131z sat\u0131n alma se\u00e7ene\u011fini de d\u00fc\u015f\u00fcnebilirsiniz. B\u00f6ylece tekrar tekrar kullanman\u0131z gereken durumlarda kiralama i\u015flemleri ile u\u011fra\u015fmak durumunda kalmayabilirsiniz.<\/p>\n<h4><strong>Cephe Platformu \u00dcretimi <\/strong><\/h4>\n<p>Platformdan Makine ve Yap\u0131 Sistemleri olarak her zaman geli\u015fmekte olan teknolojiyi takip etmekte ve geli\u015fen teknolojiye paralel olarak y\u00fcksek kalitede, i\u015f g\u00fcvenli\u011fi standartlar\u0131na uygun olarak \u00fcretim yapmaktay\u0131z. \u00dcretimini yapt\u0131\u011f\u0131m\u0131z eri\u015fim sistemleri aras\u0131nda <strong>cephe platformu<\/strong> da yer almaktad\u0131r. Uzun yap\u0131larda d\u0131\u015f cephe i\u015flemlerini ger\u00e7ekle\u015ftirirken i\u015f g\u00fcvenli\u011fini maksimum derecede sa\u011flamak ve h\u0131z\u0131 ve verimlili\u011fi art\u0131rmak amac\u0131 ile bir cephe platformunu sat\u0131n alabilir ya da k\u0131sa veya orta vadeli kullan\u0131mlar\u0131n\u0131z i\u00e7in kiralama se\u00e7ene\u011fini d\u00fc\u015f\u00fcnebilirsiniz.<\/p>\n","protected":false},"excerpt":{"rendered":"<p>Cephe Platformu Cephe platformu d\u0131\u015f cephe i\u015flemleri i\u00e7in kullan\u0131lmakta olan sistemlerden biri olarak kar\u015f\u0131m\u0131za \u00e7\u0131kmaktad\u0131r. Farkl\u0131 ama\u00e7lara y\u00f6nelik olarak cephe platformlar\u0131 kullan\u0131labilir. Uzun yap\u0131larda kullan\u0131lacak&#8230;<\/p>\n","protected":false},"author":2,"featured_media":0,"comment_status":"open","ping_status":"open","sticky":false,"template":"","format":"standard","meta":{"footnotes":""},"categories":[1],"tags":[],"class_list":["post-2048","post","type-post","status-publish","format-standard","hentry","category-genel"],"_links":{"self":[{"href":"https:\/\/platformsan.com.tr\/tr\/wp-json\/wp\/v2\/posts\/2048","targetHints":{"allow":["GET"]}}],"collection":[{"href":"https:\/\/platformsan.com.tr\/tr\/wp-json\/wp\/v2\/posts"}],"about":[{"href":"https:\/\/platformsan.com.tr\/tr\/wp-json\/wp\/v2\/types\/post"}],"author":[{"embeddable":true,"href":"https:\/\/platformsan.com.tr\/tr\/wp-json\/wp\/v2\/users\/2"}],"replies":[{"embeddable":true,"href":"https:\/\/platformsan.com.tr\/tr\/wp-json\/wp\/v2\/comments?post=2048"}],"version-history":[{"count":1,"href":"https:\/\/platformsan.com.tr\/tr\/wp-json\/wp\/v2\/posts\/2048\/revisions"}],"predecessor-version":[{"id":2049,"href":"https:\/\/platformsan.com.tr\/tr\/wp-json\/wp\/v2\/posts\/2048\/revisions\/2049"}],"wp:attachment":[{"href":"https:\/\/platformsan.com.tr\/tr\/wp-json\/wp\/v2\/media?parent=2048"}],"wp:term":[{"taxonomy":"category","embeddable":true,"href":"https:\/\/platformsan.com.tr\/tr\/wp-json\/wp\/v2\/categories?post=2048"},{"taxonomy":"post_tag","embeddable":true,"href":"https:\/\/platformsan.com.tr\/tr\/wp-json\/wp\/v2\/tags?post=2048"}],"curies":[{"name":"wp","href":"https:\/\/api.w.org\/{rel}","templated":true}]}}